{"id":333,"date":"2020-03-19T16:07:59","date_gmt":"2020-03-19T15:07:59","guid":{"rendered":"http:\/\/ghiglino-avocat.fr\/?p=333"},"modified":"2020-03-19T16:19:09","modified_gmt":"2020-03-19T15:19:09","slug":"absence-de-droit-au-renouvellement-dun-bail-commercial-pour-un-preneur-non-immatricule-au-rcs","status":"publish","type":"post","link":"https:\/\/ghiglino-avocat.fr\/index.php\/2020\/03\/19\/absence-de-droit-au-renouvellement-dun-bail-commercial-pour-un-preneur-non-immatricule-au-rcs\/","title":{"rendered":"Absence de droit au renouvellement d\u2019un bail commercial pour un preneur non immatricul\u00e9 au RCS"},"content":{"rendered":"\t\t<div data-elementor-type=\"wp-post\" data-elementor-id=\"333\" class=\"elementor elementor-333\" data-elementor-settings=\"[]\">\n\t\t\t\t\t\t<div class=\"elementor-inner\">\n\t\t\t\t\t\t\t<div class=\"elementor-section-wrap\">\n\t\t\t\t\t\t\t<section class=\"elementor-section elementor-top-section elementor-element elementor-element-2ad34ad elementor-section-boxed elementor-section-height-default elementor-section-height-default\" data-id=\"2ad34ad\" data-element_type=\"section\">\n\t\t\t\t\t\t<div class=\"elementor-container elementor-column-gap-default\">\n\t\t\t\t\t\t\t<div class=\"elementor-row\">\n\t\t\t\t\t<div class=\"elementor-column elementor-col-100 elementor-top-column elementor-element elementor-element-b2e323f\" data-id=\"b2e323f\" data-element_type=\"column\">\n\t\t\t<div class=\"elementor-column-wrap elementor-element-populated\">\n\t\t\t\t\t\t\t<div class=\"elementor-widget-wrap\">\n\t\t\t\t\t\t<div class=\"elementor-element elementor-element-63374ae elementor-widget elementor-widget-text-editor\" data-id=\"63374ae\" data-element_type=\"widget\" data-widget_type=\"text-editor.default\">\n\t\t\t\t<div class=\"elementor-widget-container\">\n\t\t\t\t\t<div class=\"elementor-text-editor elementor-clearfix\"><p><strong>Le preneur \u00e0 bail d\u2019un terrain nu sur lequel sont \u00e9difi\u00e9es des constructions ne peut pas revendiquer en justice le statut des baux commerciaux \u00e0 d\u00e9faut d\u2019\u00eatre inscrit sur le registre du commerce et des soci\u00e9t\u00e9s \u00e0 la date o\u00f9 le cong\u00e9 est donn\u00e9. L\u2019absence d\u2019immatriculation prive \u00e9galement le preneur de son droit \u00e0 une indemnit\u00e9 d\u2019\u00e9viction.<\/strong><\/p><\/div>\n\t\t\t\t<\/div>\n\t\t\t\t<\/div>\n\t\t\t\t<div class=\"elementor-element elementor-element-b5d40c6 elementor-widget elementor-widget-text-editor\" data-id=\"b5d40c6\" data-element_type=\"widget\" data-widget_type=\"text-editor.default\">\n\t\t\t\t<div class=\"elementor-widget-container\">\n\t\t\t\t\t<div class=\"elementor-text-editor elementor-clearfix\"><p><a class=\"type_link_related_resource dz_hype\" style=\"color: #c1022c; font-family: Verdana, Tahoma, 'DejaVu Sans', sans-serif; font-size: 12.011999130249023px;\" href=\"https:\/\/www.dalloz-actualite.fr\/document\/civ-3e-23-janv-2020-fs-pbi-n-19-11215\">Civ. 3<sup>e<\/sup>, 23 janv. 2020, FS-P+B+I, n\u00b0 19-11.215<\/a><\/p><\/div>\n\t\t\t\t<\/div>\n\t\t\t\t<\/div>\n\t\t\t\t<div class=\"elementor-element elementor-element-3b8a0de elementor-widget elementor-widget-text-editor\" data-id=\"3b8a0de\" data-element_type=\"widget\" data-widget_type=\"text-editor.default\">\n\t\t\t\t<div class=\"elementor-widget-container\">\n\t\t\t\t\t<div class=\"elementor-text-editor elementor-clearfix\"><p><a href=\"https:\/\/www.dalloz-actualite.fr\/flash\/absence-de-droit-au-renouvellement-d-un-bail-commercial-pour-un-preneur-non-immatricule-au-rcs#.XnOKtS17TOQ\">Disponible sur Dalloz-actualit\u00e9<\/a><\/p><\/div>\n\t\t\t\t<\/div>\n\t\t\t\t<\/div>\n\t\t\t\t\t\t<\/div>\n\t\t\t\t\t<\/div>\n\t\t<\/div>\n\t\t\t\t\t\t\t\t<\/div>\n\t\t\t\t\t<\/div>\n\t\t<\/section>\n\t\t\t\t\t\t<\/div>\n\t\t\t\t\t\t<\/div>\n\t\t\t\t\t<\/div>\n\t\t","protected":false},"excerpt":{"rendered":"<p>Le preneur \u00e0 bail d\u2019un terrain nu sur lequel sont \u00e9difi\u00e9es des constructions ne peut pas revendiquer en justice le statut des baux commerciaux \u00e0 d\u00e9faut d\u2019\u00eatre inscrit sur le registre du commerce et des soci\u00e9t\u00e9s \u00e0 la date o\u00f9 le cong\u00e9 est donn\u00e9. L\u2019absence d\u2019immatriculation prive \u00e9galement le preneur de son droit \u00e0 une [&hellip;]<\/p>\n","protected":false},"author":1,"featured_media":336,"comment_status":"open","ping_status":"open","sticky":false,"template":"","format":"standard","meta":{"ngg_post_thumbnail":0},"categories":[1],"tags":[],"yoast_head":"<!-- This site is optimized with the Yoast SEO plugin v15.1.1 - https:\/\/yoast.com\/wordpress\/plugins\/seo\/ -->\n<title>Absence de droit au renouvellement d\u2019un bail commercial pour un preneur non immatricul\u00e9 au RCS - Maxime GHIGLINO<\/title>\n<meta name=\"robots\" content=\"index, follow, max-snippet:-1, max-image-preview:large, max-video-preview:-1\" \/>\n<link rel=\"canonical\" href=\"https:\/\/ghiglino-avocat.fr\/index.php\/2020\/03\/19\/absence-de-droit-au-renouvellement-dun-bail-commercial-pour-un-preneur-non-immatricule-au-rcs\/\" \/>\n<meta property=\"og:locale\" content=\"en_US\" \/>\n<meta property=\"og:type\" content=\"article\" \/>\n<meta property=\"og:title\" content=\"Absence de droit au renouvellement d\u2019un bail commercial pour un preneur non immatricul\u00e9 au RCS - Maxime GHIGLINO\" \/>\n<meta property=\"og:description\" content=\"Le preneur \u00e0 bail d\u2019un terrain nu sur lequel sont \u00e9difi\u00e9es des constructions ne peut pas revendiquer en justice le statut des baux commerciaux \u00e0 d\u00e9faut d\u2019\u00eatre inscrit sur le registre du commerce et des soci\u00e9t\u00e9s \u00e0 la date o\u00f9 le cong\u00e9 est donn\u00e9. L\u2019absence d\u2019immatriculation prive \u00e9galement le preneur de son droit \u00e0 une [&hellip;]\" \/>\n<meta property=\"og:url\" content=\"https:\/\/ghiglino-avocat.fr\/index.php\/2020\/03\/19\/absence-de-droit-au-renouvellement-dun-bail-commercial-pour-un-preneur-non-immatricule-au-rcs\/\" \/>\n<meta property=\"og:site_name\" content=\"Maxime GHIGLINO\" \/>\n<meta property=\"article:published_time\" content=\"2020-03-19T15:07:59+00:00\" \/>\n<meta property=\"article:modified_time\" content=\"2020-03-19T15:19:09+00:00\" \/>\n<meta property=\"og:image\" content=\"https:\/\/ghiglino-avocat.fr\/wp-content\/uploads\/2020\/03\/licence-plates-609739_1280.jpg\" \/>\n\t<meta property=\"og:image:width\" content=\"1280\" \/>\n\t<meta property=\"og:image:height\" content=\"851\" \/>\n<meta name=\"twitter:card\" content=\"summary_large_image\" \/>\n<script type=\"application\/ld+json\" class=\"yoast-schema-graph\">{\"@context\":\"https:\/\/schema.org\",\"@graph\":[{\"@type\":\"Organization\",\"@id\":\"https:\/\/ghiglino-avocat.fr\/#organization\",\"name\":\"Maxime GHIGLINO Avocat\",\"url\":\"https:\/\/ghiglino-avocat.fr\/\",\"sameAs\":[],\"logo\":{\"@type\":\"ImageObject\",\"@id\":\"https:\/\/ghiglino-avocat.fr\/#logo\",\"inLanguage\":\"en-US\",\"url\":\"https:\/\/ghiglino-avocat.fr\/wp-content\/uploads\/2019\/12\/Logo-MG.jpg\",\"width\":98,\"height\":77,\"caption\":\"Maxime GHIGLINO Avocat\"},\"image\":{\"@id\":\"https:\/\/ghiglino-avocat.fr\/#logo\"}},{\"@type\":\"WebSite\",\"@id\":\"https:\/\/ghiglino-avocat.fr\/#website\",\"url\":\"https:\/\/ghiglino-avocat.fr\/\",\"name\":\"Maxime GHIGLINO - Avocat\",\"description\":\"Avocat au barreau de Lyon\",\"publisher\":{\"@id\":\"https:\/\/ghiglino-avocat.fr\/#organization\"},\"potentialAction\":[{\"@type\":\"SearchAction\",\"target\":\"https:\/\/ghiglino-avocat.fr\/?s={search_term_string}\",\"query-input\":\"required name=search_term_string\"}],\"inLanguage\":\"en-US\"},{\"@type\":\"ImageObject\",\"@id\":\"https:\/\/ghiglino-avocat.fr\/index.php\/2020\/03\/19\/absence-de-droit-au-renouvellement-dun-bail-commercial-pour-un-preneur-non-immatricule-au-rcs\/#primaryimage\",\"inLanguage\":\"en-US\",\"url\":\"https:\/\/ghiglino-avocat.fr\/wp-content\/uploads\/2020\/03\/licence-plates-609739_1280.jpg\",\"width\":1280,\"height\":851},{\"@type\":\"WebPage\",\"@id\":\"https:\/\/ghiglino-avocat.fr\/index.php\/2020\/03\/19\/absence-de-droit-au-renouvellement-dun-bail-commercial-pour-un-preneur-non-immatricule-au-rcs\/#webpage\",\"url\":\"https:\/\/ghiglino-avocat.fr\/index.php\/2020\/03\/19\/absence-de-droit-au-renouvellement-dun-bail-commercial-pour-un-preneur-non-immatricule-au-rcs\/\",\"name\":\"Absence de droit au renouvellement d\\u2019un bail commercial pour un preneur non immatricul\\u00e9 au RCS - Maxime GHIGLINO\",\"isPartOf\":{\"@id\":\"https:\/\/ghiglino-avocat.fr\/#website\"},\"primaryImageOfPage\":{\"@id\":\"https:\/\/ghiglino-avocat.fr\/index.php\/2020\/03\/19\/absence-de-droit-au-renouvellement-dun-bail-commercial-pour-un-preneur-non-immatricule-au-rcs\/#primaryimage\"},\"datePublished\":\"2020-03-19T15:07:59+00:00\",\"dateModified\":\"2020-03-19T15:19:09+00:00\",\"inLanguage\":\"en-US\",\"potentialAction\":[{\"@type\":\"ReadAction\",\"target\":[\"https:\/\/ghiglino-avocat.fr\/index.php\/2020\/03\/19\/absence-de-droit-au-renouvellement-dun-bail-commercial-pour-un-preneur-non-immatricule-au-rcs\/\"]}]},{\"@type\":\"Article\",\"@id\":\"https:\/\/ghiglino-avocat.fr\/index.php\/2020\/03\/19\/absence-de-droit-au-renouvellement-dun-bail-commercial-pour-un-preneur-non-immatricule-au-rcs\/#article\",\"isPartOf\":{\"@id\":\"https:\/\/ghiglino-avocat.fr\/index.php\/2020\/03\/19\/absence-de-droit-au-renouvellement-dun-bail-commercial-pour-un-preneur-non-immatricule-au-rcs\/#webpage\"},\"author\":{\"@id\":\"https:\/\/ghiglino-avocat.fr\/#\/schema\/person\/2636f6714d81a5a09c216de2c4a70ea7\"},\"headline\":\"Absence de droit au renouvellement d\\u2019un bail commercial pour un preneur non immatricul\\u00e9 au RCS\",\"datePublished\":\"2020-03-19T15:07:59+00:00\",\"dateModified\":\"2020-03-19T15:19:09+00:00\",\"mainEntityOfPage\":{\"@id\":\"https:\/\/ghiglino-avocat.fr\/index.php\/2020\/03\/19\/absence-de-droit-au-renouvellement-dun-bail-commercial-pour-un-preneur-non-immatricule-au-rcs\/#webpage\"},\"commentCount\":0,\"publisher\":{\"@id\":\"https:\/\/ghiglino-avocat.fr\/#organization\"},\"image\":{\"@id\":\"https:\/\/ghiglino-avocat.fr\/index.php\/2020\/03\/19\/absence-de-droit-au-renouvellement-dun-bail-commercial-pour-un-preneur-non-immatricule-au-rcs\/#primaryimage\"},\"articleSection\":\"Non class\\u00e9\",\"inLanguage\":\"en-US\",\"potentialAction\":[{\"@type\":\"CommentAction\",\"name\":\"Comment\",\"target\":[\"https:\/\/ghiglino-avocat.fr\/index.php\/2020\/03\/19\/absence-de-droit-au-renouvellement-dun-bail-commercial-pour-un-preneur-non-immatricule-au-rcs\/#respond\"]}]},{\"@type\":\"Person\",\"@id\":\"https:\/\/ghiglino-avocat.fr\/#\/schema\/person\/2636f6714d81a5a09c216de2c4a70ea7\",\"name\":\"M.G.\",\"image\":{\"@type\":\"ImageObject\",\"@id\":\"https:\/\/ghiglino-avocat.fr\/#personlogo\",\"inLanguage\":\"en-US\",\"url\":\"https:\/\/secure.gravatar.com\/avatar\/ead7b9df577d743065afb832144d4fa0?s=96&d=mm&r=g\",\"caption\":\"M.G.\"}}]}<\/script>\n<!-- \/ Yoast SEO plugin. -->","_links":{"self":[{"href":"https:\/\/ghiglino-avocat.fr\/index.php\/wp-json\/wp\/v2\/posts\/333"}],"collection":[{"href":"https:\/\/ghiglino-avocat.fr\/index.php\/wp-json\/wp\/v2\/posts"}],"about":[{"href":"https:\/\/ghiglino-avocat.fr\/index.php\/wp-json\/wp\/v2\/types\/post"}],"author":[{"embeddable":true,"href":"https:\/\/ghiglino-avocat.fr\/index.php\/wp-json\/wp\/v2\/users\/1"}],"replies":[{"embeddable":true,"href":"https:\/\/ghiglino-avocat.fr\/index.php\/wp-json\/wp\/v2\/comments?post=333"}],"version-history":[{"count":3,"href":"https:\/\/ghiglino-avocat.fr\/index.php\/wp-json\/wp\/v2\/posts\/333\/revisions"}],"predecessor-version":[{"id":337,"href":"https:\/\/ghiglino-avocat.fr\/index.php\/wp-json\/wp\/v2\/posts\/333\/revisions\/337"}],"wp:featuredmedia":[{"embeddable":true,"href":"https:\/\/ghiglino-avocat.fr\/index.php\/wp-json\/wp\/v2\/media\/336"}],"wp:attachment":[{"href":"https:\/\/ghiglino-avocat.fr\/index.php\/wp-json\/wp\/v2\/media?parent=333"}],"wp:term":[{"taxonomy":"category","embeddable":true,"href":"https:\/\/ghiglino-avocat.fr\/index.php\/wp-json\/wp\/v2\/categories?post=333"},{"taxonomy":"post_tag","embeddable":true,"href":"https:\/\/ghiglino-avocat.fr\/index.php\/wp-json\/wp\/v2\/tags?post=333"}],"curies":[{"name":"wp","href":"https:\/\/api.w.org\/{rel}","templated":true}]}}