{"id":79,"date":"2020-02-11T22:54:59","date_gmt":"2020-02-11T21:54:59","guid":{"rendered":"http:\/\/ghiglino-avocat.fr\/?p=79"},"modified":"2020-03-19T12:09:47","modified_gmt":"2020-03-19T11:09:47","slug":"etendue-de-la-reparation-de-lerreur-du-diagnostiqueur-dans-lappreciation-de-la-qualite-energetique-du-bien","status":"publish","type":"post","link":"https:\/\/ghiglino-avocat.fr\/index.php\/2020\/02\/11\/etendue-de-la-reparation-de-lerreur-du-diagnostiqueur-dans-lappreciation-de-la-qualite-energetique-du-bien\/","title":{"rendered":"\u00c9tendue de la r\u00e9paration de l\u2019erreur du diagnostiqueur dans l\u2019appr\u00e9ciation de la qualit\u00e9 \u00e9nerg\u00e9tique du bien"},"content":{"rendered":"\t\t<div data-elementor-type=\"wp-post\" data-elementor-id=\"79\" class=\"elementor elementor-79\" data-elementor-settings=\"[]\">\n\t\t\t\t\t\t<div class=\"elementor-inner\">\n\t\t\t\t\t\t\t<div class=\"elementor-section-wrap\">\n\t\t\t\t\t\t\t<section class=\"elementor-section elementor-top-section elementor-element elementor-element-4736c33a elementor-section-boxed elementor-section-height-default elementor-section-height-default\" data-id=\"4736c33a\" data-element_type=\"section\">\n\t\t\t\t\t\t<div class=\"elementor-container elementor-column-gap-default\">\n\t\t\t\t\t\t\t<div class=\"elementor-row\">\n\t\t\t\t\t<div class=\"elementor-column elementor-col-100 elementor-top-column elementor-element elementor-element-396bfb12\" data-id=\"396bfb12\" data-element_type=\"column\">\n\t\t\t<div class=\"elementor-column-wrap elementor-element-populated\">\n\t\t\t\t\t\t\t<div class=\"elementor-widget-wrap\">\n\t\t\t\t\t\t<div class=\"elementor-element elementor-element-412b1b67 elementor-widget elementor-widget-text-editor\" data-id=\"412b1b67\" data-element_type=\"widget\" data-widget_type=\"text-editor.default\">\n\t\t\t\t<div class=\"elementor-widget-container\">\n\t\t\t\t\t<div class=\"elementor-text-editor elementor-clearfix\"><!-- wp:paragraph -->\n<p><strong>Le pr\u00e9judice subi par les acqu\u00e9reurs du fait d\u2019une erreur du diagnostiqueur dans l\u2019appr\u00e9ciation de la qualit\u00e9 \u00e9nerg\u00e9tique du bien ne consiste pas dans le co\u00fbt de l\u2019isolation, mais bien dans la perte de chance de n\u00e9gocier une r\u00e9duction du prix de vente.<\/strong><\/p>\n<!-- \/wp:paragraph -->\n\n<!-- wp:paragraph -->\n<p><a href=\"https:\/\/www.dalloz-actualite.fr\/document\/civ-3e-21-nov-2019-fs-pbi-n-18-23251\">Civ. 3<sup>e<\/sup>, 21 nov. 2019, FS-P+B+I, n\u00b0 18-23.251<\/a><\/p>\n<!-- \/wp:paragraph -->\n\n<!-- wp:paragraph -->\n<p><a href=\"https:\/\/www.dalloz-actualite.fr\/flash\/etendue-de-reparation-de-l-erreur-du-diagnostiqueur-dans-l-appreciation-de-qualite-energetique#.XkMibC0lDOQ\">Article disponible sur Dalloz-actualit\u00e9<\/a><\/p>\n<!-- \/wp:paragraph --><\/div>\n\t\t\t\t<\/div>\n\t\t\t\t<\/div>\n\t\t\t\t\t\t<\/div>\n\t\t\t\t\t<\/div>\n\t\t<\/div>\n\t\t\t\t\t\t\t\t<\/div>\n\t\t\t\t\t<\/div>\n\t\t<\/section>\n\t\t\t\t\t\t<\/div>\n\t\t\t\t\t\t<\/div>\n\t\t\t\t\t<\/div>\n\t\t","protected":false},"excerpt":{"rendered":"<p>Le pr\u00e9judice subi par les acqu\u00e9reurs du fait d\u2019une erreur du diagnostiqueur dans l\u2019appr\u00e9ciation de la qualit\u00e9 \u00e9nerg\u00e9tique du bien ne consiste pas dans le co\u00fbt de l\u2019isolation, mais bien dans la perte de chance de n\u00e9gocier une r\u00e9duction du prix de vente. Civ. 3e, 21 nov. 2019, FS-P+B+I, n\u00b0 18-23.251 Article disponible sur Dalloz-actualit\u00e9<\/p>\n","protected":false},"author":1,"featured_media":311,"comment_status":"open","ping_status":"open","sticky":false,"template":"","format":"standard","meta":{"ngg_post_thumbnail":0},"categories":[3],"tags":[],"yoast_head":"<!-- This site is optimized with the Yoast SEO plugin v15.1.1 - https:\/\/yoast.com\/wordpress\/plugins\/seo\/ -->\n<title>\u00c9tendue de la r\u00e9paration de l\u2019erreur du diagnostiqueur dans l\u2019appr\u00e9ciation de la qualit\u00e9 \u00e9nerg\u00e9tique du bien - Maxime GHIGLINO<\/title>\n<meta name=\"robots\" content=\"index, follow, max-snippet:-1, max-image-preview:large, max-video-preview:-1\" \/>\n<link rel=\"canonical\" href=\"https:\/\/ghiglino-avocat.fr\/index.php\/2020\/02\/11\/etendue-de-la-reparation-de-lerreur-du-diagnostiqueur-dans-lappreciation-de-la-qualite-energetique-du-bien\/\" \/>\n<meta property=\"og:locale\" content=\"en_US\" \/>\n<meta property=\"og:type\" content=\"article\" \/>\n<meta property=\"og:title\" content=\"\u00c9tendue de la r\u00e9paration de l\u2019erreur du diagnostiqueur dans l\u2019appr\u00e9ciation de la qualit\u00e9 \u00e9nerg\u00e9tique du bien - Maxime GHIGLINO\" \/>\n<meta property=\"og:description\" content=\"Le pr\u00e9judice subi par les acqu\u00e9reurs du fait d\u2019une erreur du diagnostiqueur dans l\u2019appr\u00e9ciation de la qualit\u00e9 \u00e9nerg\u00e9tique du bien ne consiste pas dans le co\u00fbt de l\u2019isolation, mais bien dans la perte de chance de n\u00e9gocier une r\u00e9duction du prix de vente. Civ. 3e, 21 nov. 2019, FS-P+B+I, n\u00b0 18-23.251 Article disponible sur Dalloz-actualit\u00e9\" \/>\n<meta property=\"og:url\" content=\"https:\/\/ghiglino-avocat.fr\/index.php\/2020\/02\/11\/etendue-de-la-reparation-de-lerreur-du-diagnostiqueur-dans-lappreciation-de-la-qualite-energetique-du-bien\/\" \/>\n<meta property=\"og:site_name\" content=\"Maxime GHIGLINO\" \/>\n<meta property=\"article:published_time\" content=\"2020-02-11T21:54:59+00:00\" \/>\n<meta property=\"article:modified_time\" content=\"2020-03-19T11:09:47+00:00\" \/>\n<meta property=\"og:image\" content=\"https:\/\/ghiglino-avocat.fr\/wp-content\/uploads\/2020\/02\/architecture-1857175_1280.jpg\" \/>\n\t<meta property=\"og:image:width\" content=\"1280\" \/>\n\t<meta property=\"og:image:height\" content=\"853\" \/>\n<meta name=\"twitter:card\" content=\"summary_large_image\" \/>\n<script type=\"application\/ld+json\" class=\"yoast-schema-graph\">{\"@context\":\"https:\/\/schema.org\",\"@graph\":[{\"@type\":\"Organization\",\"@id\":\"https:\/\/ghiglino-avocat.fr\/#organization\",\"name\":\"Maxime GHIGLINO Avocat\",\"url\":\"https:\/\/ghiglino-avocat.fr\/\",\"sameAs\":[],\"logo\":{\"@type\":\"ImageObject\",\"@id\":\"https:\/\/ghiglino-avocat.fr\/#logo\",\"inLanguage\":\"en-US\",\"url\":\"https:\/\/ghiglino-avocat.fr\/wp-content\/uploads\/2019\/12\/Logo-MG.jpg\",\"width\":98,\"height\":77,\"caption\":\"Maxime GHIGLINO Avocat\"},\"image\":{\"@id\":\"https:\/\/ghiglino-avocat.fr\/#logo\"}},{\"@type\":\"WebSite\",\"@id\":\"https:\/\/ghiglino-avocat.fr\/#website\",\"url\":\"https:\/\/ghiglino-avocat.fr\/\",\"name\":\"Maxime GHIGLINO - Avocat\",\"description\":\"Avocat au barreau de Lyon\",\"publisher\":{\"@id\":\"https:\/\/ghiglino-avocat.fr\/#organization\"},\"potentialAction\":[{\"@type\":\"SearchAction\",\"target\":\"https:\/\/ghiglino-avocat.fr\/?s={search_term_string}\",\"query-input\":\"required name=search_term_string\"}],\"inLanguage\":\"en-US\"},{\"@type\":\"ImageObject\",\"@id\":\"https:\/\/ghiglino-avocat.fr\/index.php\/2020\/02\/11\/etendue-de-la-reparation-de-lerreur-du-diagnostiqueur-dans-lappreciation-de-la-qualite-energetique-du-bien\/#primaryimage\",\"inLanguage\":\"en-US\",\"url\":\"https:\/\/ghiglino-avocat.fr\/wp-content\/uploads\/2020\/02\/architecture-1857175_1280.jpg\",\"width\":1280,\"height\":853},{\"@type\":\"WebPage\",\"@id\":\"https:\/\/ghiglino-avocat.fr\/index.php\/2020\/02\/11\/etendue-de-la-reparation-de-lerreur-du-diagnostiqueur-dans-lappreciation-de-la-qualite-energetique-du-bien\/#webpage\",\"url\":\"https:\/\/ghiglino-avocat.fr\/index.php\/2020\/02\/11\/etendue-de-la-reparation-de-lerreur-du-diagnostiqueur-dans-lappreciation-de-la-qualite-energetique-du-bien\/\",\"name\":\"\\u00c9tendue de la r\\u00e9paration de l\\u2019erreur du diagnostiqueur dans l\\u2019appr\\u00e9ciation de la qualit\\u00e9 \\u00e9nerg\\u00e9tique du bien - Maxime GHIGLINO\",\"isPartOf\":{\"@id\":\"https:\/\/ghiglino-avocat.fr\/#website\"},\"primaryImageOfPage\":{\"@id\":\"https:\/\/ghiglino-avocat.fr\/index.php\/2020\/02\/11\/etendue-de-la-reparation-de-lerreur-du-diagnostiqueur-dans-lappreciation-de-la-qualite-energetique-du-bien\/#primaryimage\"},\"datePublished\":\"2020-02-11T21:54:59+00:00\",\"dateModified\":\"2020-03-19T11:09:47+00:00\",\"inLanguage\":\"en-US\",\"potentialAction\":[{\"@type\":\"ReadAction\",\"target\":[\"https:\/\/ghiglino-avocat.fr\/index.php\/2020\/02\/11\/etendue-de-la-reparation-de-lerreur-du-diagnostiqueur-dans-lappreciation-de-la-qualite-energetique-du-bien\/\"]}]},{\"@type\":\"Article\",\"@id\":\"https:\/\/ghiglino-avocat.fr\/index.php\/2020\/02\/11\/etendue-de-la-reparation-de-lerreur-du-diagnostiqueur-dans-lappreciation-de-la-qualite-energetique-du-bien\/#article\",\"isPartOf\":{\"@id\":\"https:\/\/ghiglino-avocat.fr\/index.php\/2020\/02\/11\/etendue-de-la-reparation-de-lerreur-du-diagnostiqueur-dans-lappreciation-de-la-qualite-energetique-du-bien\/#webpage\"},\"author\":{\"@id\":\"https:\/\/ghiglino-avocat.fr\/#\/schema\/person\/2636f6714d81a5a09c216de2c4a70ea7\"},\"headline\":\"\\u00c9tendue de la r\\u00e9paration de l\\u2019erreur du diagnostiqueur dans l\\u2019appr\\u00e9ciation de la qualit\\u00e9 \\u00e9nerg\\u00e9tique du bien\",\"datePublished\":\"2020-02-11T21:54:59+00:00\",\"dateModified\":\"2020-03-19T11:09:47+00:00\",\"mainEntityOfPage\":{\"@id\":\"https:\/\/ghiglino-avocat.fr\/index.php\/2020\/02\/11\/etendue-de-la-reparation-de-lerreur-du-diagnostiqueur-dans-lappreciation-de-la-qualite-energetique-du-bien\/#webpage\"},\"commentCount\":0,\"publisher\":{\"@id\":\"https:\/\/ghiglino-avocat.fr\/#organization\"},\"image\":{\"@id\":\"https:\/\/ghiglino-avocat.fr\/index.php\/2020\/02\/11\/etendue-de-la-reparation-de-lerreur-du-diagnostiqueur-dans-lappreciation-de-la-qualite-energetique-du-bien\/#primaryimage\"},\"articleSection\":\"Dalloz actualit\\u00e9\",\"inLanguage\":\"en-US\",\"potentialAction\":[{\"@type\":\"CommentAction\",\"name\":\"Comment\",\"target\":[\"https:\/\/ghiglino-avocat.fr\/index.php\/2020\/02\/11\/etendue-de-la-reparation-de-lerreur-du-diagnostiqueur-dans-lappreciation-de-la-qualite-energetique-du-bien\/#respond\"]}]},{\"@type\":\"Person\",\"@id\":\"https:\/\/ghiglino-avocat.fr\/#\/schema\/person\/2636f6714d81a5a09c216de2c4a70ea7\",\"name\":\"M.G.\",\"image\":{\"@type\":\"ImageObject\",\"@id\":\"https:\/\/ghiglino-avocat.fr\/#personlogo\",\"inLanguage\":\"en-US\",\"url\":\"https:\/\/secure.gravatar.com\/avatar\/ead7b9df577d743065afb832144d4fa0?s=96&d=mm&r=g\",\"caption\":\"M.G.\"}}]}<\/script>\n<!-- \/ Yoast SEO plugin. -->","_links":{"self":[{"href":"https:\/\/ghiglino-avocat.fr\/index.php\/wp-json\/wp\/v2\/posts\/79"}],"collection":[{"href":"https:\/\/ghiglino-avocat.fr\/index.php\/wp-json\/wp\/v2\/posts"}],"about":[{"href":"https:\/\/ghiglino-avocat.fr\/index.php\/wp-json\/wp\/v2\/types\/post"}],"author":[{"embeddable":true,"href":"https:\/\/ghiglino-avocat.fr\/index.php\/wp-json\/wp\/v2\/users\/1"}],"replies":[{"embeddable":true,"href":"https:\/\/ghiglino-avocat.fr\/index.php\/wp-json\/wp\/v2\/comments?post=79"}],"version-history":[{"count":5,"href":"https:\/\/ghiglino-avocat.fr\/index.php\/wp-json\/wp\/v2\/posts\/79\/revisions"}],"predecessor-version":[{"id":327,"href":"https:\/\/ghiglino-avocat.fr\/index.php\/wp-json\/wp\/v2\/posts\/79\/revisions\/327"}],"wp:featuredmedia":[{"embeddable":true,"href":"https:\/\/ghiglino-avocat.fr\/index.php\/wp-json\/wp\/v2\/media\/311"}],"wp:attachment":[{"href":"https:\/\/ghiglino-avocat.fr\/index.php\/wp-json\/wp\/v2\/media?parent=79"}],"wp:term":[{"taxonomy":"category","embeddable":true,"href":"https:\/\/ghiglino-avocat.fr\/index.php\/wp-json\/wp\/v2\/categories?post=79"},{"taxonomy":"post_tag","embeddable":true,"href":"https:\/\/ghiglino-avocat.fr\/index.php\/wp-json\/wp\/v2\/tags?post=79"}],"curies":[{"name":"wp","href":"https:\/\/api.w.org\/{rel}","templated":true}]}}